{"Signatur": "ZH_SVG_001", "Spider": "ZH_Sozialversicherungsgericht", "Sprache": "de", "Datum": "2017-01-20", "HTML": {"Datei": "ZH_Sozialversicherungsgericht/ZH_SVG_001_IV-2016-01199_2017-01-20.html", "URL": "https://findex.webgate.cloud/entscheide/IV.2016.01199.html", "Checksum": "d7f987774880c0b91f1e667056864ada"}, "Scrapedate": "2023-01-01", "Num": ["IV.2016.01199"], "Kopfzeile": [{"Sprachen": ["de"], "Text": "Z\u00fcrich Sozialversicherungsgericht 20.01.2017 IV.2016.01199"}, {"Sprachen": ["fr"], "Text": "Zurich Sozialversicherungsgericht 20.01.2017 IV.2016.01199"}, {"Sprachen": ["it"], "Text": "Zurigo Sozialversicherungsgericht 20.01.2017 IV.2016.01199"}], "Meta": [{"Sprachen": ["de"], "Text": "Z\u00fcrich Sozialversicherungsgericht "}, {"Sprachen": ["fr"], "Text": "Zurich Sozialversicherungsgericht "}, {"Sprachen": ["it"], "Text": "Zurigo Sozialversicherungsgericht "}], "Abstract": [{"Sprachen": ["de", "fr", "it"], "Text": "Massnahmen zur Wiedereingliederung gem\u00e4ss lit. a Abs. 2 Schlussbestimmung 6.\u00a0IV-Revision. Gutheissung, da Massnahmen an gesch\u00fctztem Arbeitsplatz unter IVG 8a fallen und beim Beschwerdef\u00fchrer die subjektive Eingliederungsf\u00e4higkeit vorliegt. "}], "ScrapyJob": "446973/33/1864", "Zeit UTC": "06.05.2025 02:59:50", "Checksum": "751adb1aa58339a5cc64f55ff6027285"}