{"Signatur": "ZH_SVG_001", "Spider": "ZH_Sozialversicherungsgericht", "Sprache": "de", "Datum": "2019-10-23", "HTML": {"Datei": "ZH_Sozialversicherungsgericht/ZH_SVG_001_IV-2018-00027_2019-10-23.html", "URL": "https://findex.webgate.cloud/entscheide/IV.2018.00027.html", "Checksum": "fb6c7d21ca4137356548f395802527c9"}, "Scrapedate": "2023-01-01", "Num": ["IV.2018.00027"], "Kopfzeile": [{"Sprachen": ["de"], "Text": "Z\u00fcrich Sozialversicherungsgericht 23.10.2019 IV.2018.00027"}, {"Sprachen": ["fr"], "Text": "Zurich Sozialversicherungsgericht 23.10.2019 IV.2018.00027"}, {"Sprachen": ["it"], "Text": "Zurigo Sozialversicherungsgericht 23.10.2019 IV.2018.00027"}], "Meta": [{"Sprachen": ["de"], "Text": "Z\u00fcrich Sozialversicherungsgericht "}, {"Sprachen": ["fr"], "Text": "Zurich Sozialversicherungsgericht "}, {"Sprachen": ["it"], "Text": "Zurigo Sozialversicherungsgericht "}], "Abstract": [{"Sprachen": ["de", "fr", "it"], "Text": "Abstellen auf Medas-Gutachten. Berichte der Eingliederungsfachleute verm\u00f6gen gutachterliche Einsch\u00e4tzung der Arbeitsf\u00e4higkeit nicht in Zweifel zu ziehen. Koordination Renten- und Taggeldanspruch. Befristete ganze Rente und befristete Dreiviertelsrente."}], "ScrapyJob": "446973/33/1864", "Zeit UTC": "06.05.2025 02:23:30", "Checksum": "bbf3846b49b07f2bc08d3eb52d03f58d"}