{"Signatur": "ZH_SVG_001", "Spider": "ZH_Sozialversicherungsgericht", "Sprache": "de", "Datum": "2018-08-27", "HTML": {"Datei": "ZH_Sozialversicherungsgericht/ZH_SVG_001_IV-2018-00256_2018-08-27.html", "URL": "https://findex.webgate.cloud/entscheide/IV.2018.00256.html", "Checksum": "e423171d479ca8d702121127e516c730"}, "Scrapedate": "2023-01-01", "Num": ["IV.2018.00256"], "Kopfzeile": [{"Sprachen": ["de"], "Text": "Z\u00fcrich Sozialversicherungsgericht 27.08.2018 IV.2018.00256"}, {"Sprachen": ["fr"], "Text": "Zurich Sozialversicherungsgericht 27.08.2018 IV.2018.00256"}, {"Sprachen": ["it"], "Text": "Zurigo Sozialversicherungsgericht 27.08.2018 IV.2018.00256"}], "Meta": [{"Sprachen": ["de"], "Text": "Z\u00fcrich Sozialversicherungsgericht "}, {"Sprachen": ["fr"], "Text": "Zurich Sozialversicherungsgericht "}, {"Sprachen": ["it"], "Text": "Zurigo Sozialversicherungsgericht "}], "Abstract": [{"Sprachen": ["de", "fr", "it"], "Text": "Grunds\u00e4tzlicher Anspruch auf berufliche Massnahmen bejaht, R\u00fcckweisung zur Pr\u00fcfung und allf\u00e4lligen Durchf\u00fchrung konkreter Eingliederungsmassnahmen. "}], "ScrapyJob": "446973/33/1864", "Zeit UTC": "06.05.2025 02:23:59", "Checksum": "1c8b48957b8d32387601d20d505bd950"}