{"Signatur": "ZH_SVG_001", "Spider": "ZH_Sozialversicherungsgericht", "Sprache": "de", "Datum": "2018-12-28", "HTML": {"Datei": "ZH_Sozialversicherungsgericht/ZH_SVG_001_IV-2018-00282_2018-12-28.html", "URL": "https://findex.webgate.cloud/entscheide/IV.2018.00282.html", "Checksum": "f91994fc319d8dc20f6a020cfb30946e"}, "Scrapedate": "2023-01-01", "Num": ["IV.2018.00282"], "Kopfzeile": [{"Sprachen": ["de"], "Text": "Z\u00fcrich Sozialversicherungsgericht 28.12.2018 IV.2018.00282"}, {"Sprachen": ["fr"], "Text": "Zurich Sozialversicherungsgericht 28.12.2018 IV.2018.00282"}, {"Sprachen": ["it"], "Text": "Zurigo Sozialversicherungsgericht 28.12.2018 IV.2018.00282"}], "Meta": [{"Sprachen": ["de"], "Text": "Z\u00fcrich Sozialversicherungsgericht "}, {"Sprachen": ["fr"], "Text": "Zurich Sozialversicherungsgericht "}, {"Sprachen": ["it"], "Text": "Zurigo Sozialversicherungsgericht "}], "Abstract": [{"Sprachen": ["de", "fr", "it"], "Text": "Massnahmen zur Wiedereingliederung gem\u00e4ss lit. a Abs.\u00a02 SchlB IVG 6.\u00a0IV-Revision; subjektive Eingliederungsf\u00e4higkeit zu bejahen; R\u00fcckweisung zu weiteren Abkl\u00e4rungen"}], "ScrapyJob": "446973/33/1864", "Zeit UTC": "06.05.2025 03:07:59", "Checksum": "4f467be8649d56c38fb831b9eb2ac83f"}