{"Signatur": "ZH_SVG_001", "Spider": "ZH_Sozialversicherungsgericht", "Sprache": "de", "Datum": "2019-04-03", "HTML": {"Datei": "ZH_Sozialversicherungsgericht/ZH_SVG_001_IV-2018-00290_2019-04-03.html", "URL": "https://findex.webgate.cloud/entscheide/IV.2018.00290.html", "Checksum": "9651b66fb876ee3bf04481a2f4076992"}, "Scrapedate": "2023-01-01", "Num": ["IV.2018.00290"], "Kopfzeile": [{"Sprachen": ["de"], "Text": "Z\u00fcrich Sozialversicherungsgericht 03.04.2019 IV.2018.00290"}, {"Sprachen": ["fr"], "Text": "Zurich Sozialversicherungsgericht 03.04.2019 IV.2018.00290"}, {"Sprachen": ["it"], "Text": "Zurigo Sozialversicherungsgericht 03.04.2019 IV.2018.00290"}], "Meta": [{"Sprachen": ["de"], "Text": "Z\u00fcrich Sozialversicherungsgericht "}, {"Sprachen": ["fr"], "Text": "Zurich Sozialversicherungsgericht "}, {"Sprachen": ["it"], "Text": "Zurigo Sozialversicherungsgericht "}], "Abstract": [{"Sprachen": ["de", "fr", "it"], "Text": "Neuanmeldung. Aufgrund der Beurteilung des psychiatrischen Gutachters kann nicht davon ausgegangen werden, dass beim Beschwerdef\u00fchrer erst rund 30 Jahre nach seinen Gef\u00e4ngnisaufenthalten in der T\u00fcrkei eine posttraumatische Belastungsst\u00f6rung aufgetreten ist. Die beim Beschwerdef\u00fchrer bestehenden psychischen Einschr\u00e4nkungen f\u00fchren nicht zu einer relevanten Arbeitsunf\u00e4higkeit."}], "ScrapyJob": "446973/33/1864", "Zeit UTC": "06.05.2025 02:51:45", "Checksum": "5cc98fcddd736615643f502bf216d3d0"}