{"Signatur": "ZH_SVG_001", "Spider": "ZH_Sozialversicherungsgericht", "Sprache": "de", "Datum": "2019-08-21", "HTML": {"Datei": "ZH_Sozialversicherungsgericht/ZH_SVG_001_IV-2018-00377_2019-08-21.html", "URL": "https://findex.webgate.cloud/entscheide/IV.2018.00377.html", "Checksum": "48378dbc338d676c45cc131673982aa2"}, "Scrapedate": "2023-01-01", "Num": ["IV.2018.00377"], "Kopfzeile": [{"Sprachen": ["de"], "Text": "Z\u00fcrich Sozialversicherungsgericht 21.08.2019 IV.2018.00377"}, {"Sprachen": ["fr"], "Text": "Zurich Sozialversicherungsgericht 21.08.2019 IV.2018.00377"}, {"Sprachen": ["it"], "Text": "Zurigo Sozialversicherungsgericht 21.08.2019 IV.2018.00377"}], "Meta": [{"Sprachen": ["de"], "Text": "Z\u00fcrich Sozialversicherungsgericht "}, {"Sprachen": ["fr"], "Text": "Zurich Sozialversicherungsgericht "}, {"Sprachen": ["it"], "Text": "Zurigo Sozialversicherungsgericht "}], "Abstract": [{"Sprachen": ["de", "fr", "it"], "Text": "Rentenherabsetzung war bei der \u00fcber 55 Jahre alten versicherten Person, deren subjektive Eingliederungsf\u00e4higkeit beziehungsweise -bereitschaft nicht zu verneinen war, ohne Durchf\u00fchrung von Eingliederungsmassnahmen beziehungsweise eines diesbez\u00fcglichen Mahn- und Bedenkzeitverfahrens nicht zul\u00e4ssig; Gutheissung. "}], "ScrapyJob": "446973/33/1864", "Zeit UTC": "06.05.2025 03:15:44", "Checksum": "57f405d202db3c1b781b69fa587ab5ea"}