{"Signatur": "ZH_SVG_001", "Spider": "ZH_Sozialversicherungsgericht", "Sprache": "de", "Datum": "2019-08-13", "HTML": {"Datei": "ZH_Sozialversicherungsgericht/ZH_SVG_001_IV-2018-00847_2019-08-13.html", "URL": "https://findex.webgate.cloud/entscheide/IV.2018.00847.html", "Checksum": "f39faefcd11d10a4465588dd29e24752"}, "Scrapedate": "2023-01-01", "Num": ["IV.2018.00847"], "Kopfzeile": [{"Sprachen": ["de"], "Text": "Z\u00fcrich Sozialversicherungsgericht 13.08.2019 IV.2018.00847"}, {"Sprachen": ["fr"], "Text": "Zurich Sozialversicherungsgericht 13.08.2019 IV.2018.00847"}, {"Sprachen": ["it"], "Text": "Zurigo Sozialversicherungsgericht 13.08.2019 IV.2018.00847"}], "Meta": [{"Sprachen": ["de"], "Text": "Z\u00fcrich Sozialversicherungsgericht "}, {"Sprachen": ["fr"], "Text": "Zurich Sozialversicherungsgericht "}, {"Sprachen": ["it"], "Text": "Zurigo Sozialversicherungsgericht "}], "Abstract": [{"Sprachen": ["de", "fr", "it"], "Text": "Die Arbeitsunf\u00e4higkeit ist nicht medizinisch-theoretisch, sondern unter Ber\u00fccksichtigung der pers\u00f6nlichen Verh\u00e4ltnisse der Versicherten zu bemessen"}], "ScrapyJob": "446973/33/1864", "Zeit UTC": "06.05.2025 02:59:58", "Checksum": "17956ce357a45a3ec1ba4f16cb9be2c8"}