{"Signatur": "ZH_SVG_001", "Spider": "ZH_Sozialversicherungsgericht", "Sprache": "de", "Datum": "2019-01-22", "HTML": {"Datei": "ZH_Sozialversicherungsgericht/ZH_SVG_001_IV-2018-00945_2019-01-22.html", "URL": "https://findex.webgate.cloud/entscheide/IV.2018.00945.html", "Checksum": "72bb0a2ebf510e60bf0543c43298d337"}, "Scrapedate": "2023-01-01", "Num": ["IV.2018.00945"], "Kopfzeile": [{"Sprachen": ["de"], "Text": "Z\u00fcrich Sozialversicherungsgericht 22.01.2019 IV.2018.00945"}, {"Sprachen": ["fr"], "Text": "Zurich Sozialversicherungsgericht 22.01.2019 IV.2018.00945"}, {"Sprachen": ["it"], "Text": "Zurigo Sozialversicherungsgericht 22.01.2019 IV.2018.00945"}], "Meta": [{"Sprachen": ["de"], "Text": "Z\u00fcrich Sozialversicherungsgericht "}, {"Sprachen": ["fr"], "Text": "Zurich Sozialversicherungsgericht "}, {"Sprachen": ["it"], "Text": "Zurigo Sozialversicherungsgericht "}], "Abstract": [{"Sprachen": ["de", "fr", "it"], "Text": "Arbeitsvermittlung. Mangelnde subjektive Eingliederungsf\u00e4higkeit ist nicht \u00fcberwiegend wahrscheinlich, ausserdem wurde kein (erneutes) Mahn- und Bedenkzeitverfahren durchgef\u00fchrt. Massnahme scheint auch (noch) nicht unverh\u00e4ltnism\u00e4ssig. Einstellung war nicht rechtens, es besteht weiterhin Anspruch auf Arbeitsvermittlung."}], "ScrapyJob": "446973/33/1864", "Zeit UTC": "06.05.2025 03:07:15", "Checksum": "08e769b9984225bf12544def1168a14b"}