{"Signatur": "ZH_SVG_001", "Spider": "ZH_Sozialversicherungsgericht", "Sprache": "de", "Datum": "2020-04-06", "HTML": {"Datei": "ZH_Sozialversicherungsgericht/ZH_SVG_001_IV-2018-00946_2020-04-06.html", "URL": "https://findex.webgate.cloud/entscheide/IV.2018.00946.html", "Checksum": "ccd3b57fb58634cd27efeb676611d629"}, "Scrapedate": "2023-01-01", "Num": ["IV.2018.00946"], "Kopfzeile": [{"Sprachen": ["de"], "Text": "Z\u00fcrich Sozialversicherungsgericht 06.04.2020 IV.2018.00946"}, {"Sprachen": ["fr"], "Text": "Zurich Sozialversicherungsgericht 06.04.2020 IV.2018.00946"}, {"Sprachen": ["it"], "Text": "Zurigo Sozialversicherungsgericht 06.04.2020 IV.2018.00946"}], "Meta": [{"Sprachen": ["de"], "Text": "Z\u00fcrich Sozialversicherungsgericht "}, {"Sprachen": ["fr"], "Text": "Zurich Sozialversicherungsgericht "}, {"Sprachen": ["it"], "Text": "Zurigo Sozialversicherungsgericht "}], "Abstract": [{"Sprachen": ["de", "fr", "it"], "Text": "Zwar pr\u00e4gten psychosoziale Belastungsfaktoren zu Beginn klar das depressive Beschwerdebild, jedoch ist unklar, welchen Einfluss diese \u00fcber drei Jahre sp\u00e4ter im Verf\u00fcgungszeitpunkt noch hatten; weder auf die Berichte der behandelnden \u00c4rzte noch die RAD-Aktenbeurteilung kann abgestellt werden, da diese keine Indikatorenpr\u00fcfung erm\u00f6glichen; R\u00fcckweisung zu weiteren Abkl\u00e4rungen."}], "ScrapyJob": "446973/33/1864", "Zeit UTC": "06.05.2025 02:59:33", "Checksum": "f8f4e778970255f2037c35a1d3b14fa1"}