{"Signatur": "ZH_SVG_001", "Spider": "ZH_Sozialversicherungsgericht", "Sprache": "de", "Datum": "2020-03-26", "HTML": {"Datei": "ZH_Sozialversicherungsgericht/ZH_SVG_001_IV-2018-00992_2020-03-26.html", "URL": "https://findex.webgate.cloud/entscheide/IV.2018.00992.html", "Checksum": "8f3193e1b05c5c4edcaf515bd3ef2c84"}, "Scrapedate": "2023-01-01", "Num": ["IV.2018.00992"], "Kopfzeile": [{"Sprachen": ["de"], "Text": "Z\u00fcrich Sozialversicherungsgericht 26.03.2020 IV.2018.00992"}, {"Sprachen": ["fr"], "Text": "Zurich Sozialversicherungsgericht 26.03.2020 IV.2018.00992"}, {"Sprachen": ["it"], "Text": "Zurigo Sozialversicherungsgericht 26.03.2020 IV.2018.00992"}], "Meta": [{"Sprachen": ["de"], "Text": "Z\u00fcrich Sozialversicherungsgericht "}, {"Sprachen": ["fr"], "Text": "Zurich Sozialversicherungsgericht "}, {"Sprachen": ["it"], "Text": "Zurigo Sozialversicherungsgericht "}], "Abstract": [{"Sprachen": ["de", "fr", "it"], "Text": "Aufgrund der Akten ist nicht auszuschliessen, dass die bescheinigte Arbeitsunf\u00e4higkeit auf eine von den Folgen der belastenden psychosozialen Faktoren verselbst\u00e4ndigte psychische St\u00f6rung mit Krankheitswert zur\u00fcckzuf\u00fchren ist. Es sind weitere Abkl\u00e4rungen notwendig."}], "ScrapyJob": "446973/33/1864", "Zeit UTC": "06.05.2025 02:59:34", "Checksum": "3377993d48ccfd970b21fce27a1114f3"}