{"Signatur": "ZH_SVG_001", "Spider": "ZH_Sozialversicherungsgericht", "Sprache": "de", "Datum": "2019-03-20", "HTML": {"Datei": "ZH_Sozialversicherungsgericht/ZH_SVG_001_IV-2018-01083_2019-03-20.html", "URL": "https://findex.webgate.cloud/entscheide/IV.2018.01083.html", "Checksum": "bbdf40def70fd00dc70f1c8ad776bac6"}, "Scrapedate": "2023-01-01", "Num": ["IV.2018.01083"], "Kopfzeile": [{"Sprachen": ["de"], "Text": "Z\u00fcrich Sozialversicherungsgericht 20.03.2019 IV.2018.01083"}, {"Sprachen": ["fr"], "Text": "Zurich Sozialversicherungsgericht 20.03.2019 IV.2018.01083"}, {"Sprachen": ["it"], "Text": "Zurigo Sozialversicherungsgericht 20.03.2019 IV.2018.01083"}], "Meta": [{"Sprachen": ["de"], "Text": "Z\u00fcrich Sozialversicherungsgericht "}, {"Sprachen": ["fr"], "Text": "Zurich Sozialversicherungsgericht "}, {"Sprachen": ["it"], "Text": "Zurigo Sozialversicherungsgericht "}], "Abstract": [{"Sprachen": ["de", "fr", "it"], "Text": "Medizinisch-theoretische Arbeitsf\u00e4higkeit kann erst nach Anpassungsphase und Eingliederungsmassnahmen angerechnet werden; Daher f\u00fcr Invalideneinkommen kein Abstellen auf Tabellenlohn, R\u00fcckweisung zur Pr\u00fcfung notwendiger und zweckm\u00e4ssiger Eingliederungsmassnahmen"}], "ScrapyJob": "446973/33/1864", "Zeit UTC": "06.05.2025 03:31:27", "Checksum": "cde3ff89d66a7290108312f5f865fd86"}