{"Signatur": "ZH_SVG_001", "Spider": "ZH_Sozialversicherungsgericht", "Sprache": "de", "Datum": "2020-03-05", "HTML": {"Datei": "ZH_Sozialversicherungsgericht/ZH_SVG_001_IV-2019-00148_2020-03-05.html", "URL": "https://findex.webgate.cloud/entscheide/IV.2019.00148.html", "Checksum": "c613a06f1b78cd90e56c05d807f2ea1c"}, "Scrapedate": "2023-01-01", "Num": ["IV.2019.00148"], "Kopfzeile": [{"Sprachen": ["de"], "Text": "Z\u00fcrich Sozialversicherungsgericht 05.03.2020 IV.2019.00148"}, {"Sprachen": ["fr"], "Text": "Zurich Sozialversicherungsgericht 05.03.2020 IV.2019.00148"}, {"Sprachen": ["it"], "Text": "Zurigo Sozialversicherungsgericht 05.03.2020 IV.2019.00148"}], "Meta": [{"Sprachen": ["de"], "Text": "Z\u00fcrich Sozialversicherungsgericht "}, {"Sprachen": ["fr"], "Text": "Zurich Sozialversicherungsgericht "}, {"Sprachen": ["it"], "Text": "Zurigo Sozialversicherungsgericht "}], "Abstract": [{"Sprachen": ["de", "fr", "it"], "Text": "Versicherungsm\u00e4ssige Voraussetzungen f\u00fcr ordentliche und ausserordentliche Rente nicht erf\u00fcllt. Anspruch auf berufliche Massnahmen zu Recht verneint.  (BGE 9C_286/2020)"}], "ScrapyJob": "446973/33/1864", "Zeit UTC": "06.05.2025 02:52:39", "Checksum": "dbbe3c7c23edad9dd6fc72d2d9b529a1"}