{"Signatur": "ZH_SVG_001", "Spider": "ZH_Sozialversicherungsgericht", "Sprache": "de", "Datum": "2020-02-20", "HTML": {"Datei": "ZH_Sozialversicherungsgericht/ZH_SVG_001_IV-2019-00220_2020-02-20.html", "URL": "https://findex.webgate.cloud/entscheide/IV.2019.00220.html", "Checksum": "ab476c91952d2b6a6b5765f8f8ec5cf6"}, "Scrapedate": "2023-01-01", "Num": ["IV.2019.00220"], "Kopfzeile": [{"Sprachen": ["de"], "Text": "Z\u00fcrich Sozialversicherungsgericht 20.02.2020 IV.2019.00220"}, {"Sprachen": ["fr"], "Text": "Zurich Sozialversicherungsgericht 20.02.2020 IV.2019.00220"}, {"Sprachen": ["it"], "Text": "Zurigo Sozialversicherungsgericht 20.02.2020 IV.2019.00220"}], "Meta": [{"Sprachen": ["de"], "Text": "Z\u00fcrich Sozialversicherungsgericht "}, {"Sprachen": ["fr"], "Text": "Zurich Sozialversicherungsgericht "}, {"Sprachen": ["it"], "Text": "Zurigo Sozialversicherungsgericht "}], "Abstract": [{"Sprachen": ["de", "fr", "it"], "Text": "In der angestammten T\u00e4tigkeit ist medizinisch keine Arbeitsunf\u00e4higkeit ausgewiesen. Subjektive Selbsteinsch\u00e4tzung und Ausf\u00fchrungen des Arbeitgebers gen\u00fcgen nicht, um einen anspruchsbegr\u00fcndenden Invalidit\u00e4tsgrad auszuweisen. Abweisung."}], "ScrapyJob": "446973/33/1864", "Zeit UTC": "06.05.2025 02:23:57", "Checksum": "25b592fa526df777fa4eaebf487b2d8b"}