{"Signatur": "ZH_SVG_001", "Spider": "ZH_Sozialversicherungsgericht", "Sprache": "de", "Datum": "2019-08-19", "HTML": {"Datei": "ZH_Sozialversicherungsgericht/ZH_SVG_001_IV-2019-00324_2019-08-19.html", "URL": "https://findex.webgate.cloud/entscheide/IV.2019.00324.html", "Checksum": "21f97709e9fe085738d890b184a1ab9c"}, "Scrapedate": "2023-01-01", "Num": ["IV.2019.00324"], "Kopfzeile": [{"Sprachen": ["de"], "Text": "Z\u00fcrich Sozialversicherungsgericht 19.08.2019 IV.2019.00324"}, {"Sprachen": ["fr"], "Text": "Zurich Sozialversicherungsgericht 19.08.2019 IV.2019.00324"}, {"Sprachen": ["it"], "Text": "Zurigo Sozialversicherungsgericht 19.08.2019 IV.2019.00324"}], "Meta": [{"Sprachen": ["de"], "Text": "Z\u00fcrich Sozialversicherungsgericht "}, {"Sprachen": ["fr"], "Text": "Zurich Sozialversicherungsgericht "}, {"Sprachen": ["it"], "Text": "Zurigo Sozialversicherungsgericht "}], "Abstract": [{"Sprachen": ["de", "fr", "it"], "Text": "Schulter und R\u00fcckenbeschwerden sowie psychische Beschwerden. Es erfolgte lediglich eine RAD-Aktenbeurteilung eines orthop\u00e4dischen FA. Dessen Beurteilung deckt sich nicht mit den aufliegenden Akten, ausserdem ist er nicht qualifiziert die psychischen Beschwerden zu beurteilen. Weiter wurde keine Indikatorenpr\u00fcfung gemacht. R\u00fcckweisung zu weiteren Abkl\u00e4rungen."}], "ScrapyJob": "446973/33/1864", "Zeit UTC": "06.05.2025 02:37:25", "Checksum": "a78e794718d647a8706ced3cbc40edf3"}