{"Signatur": "ZH_SVG_001", "Spider": "ZH_Sozialversicherungsgericht", "Sprache": "de", "Datum": "2021-03-04", "HTML": {"Datei": "ZH_Sozialversicherungsgericht/ZH_SVG_001_IV-2019-00501_2021-03-04.html", "URL": "https://findex.webgate.cloud/entscheide/IV.2019.00501.html", "Checksum": "b790ca0e1d96ec158fa016c5b740532b"}, "Scrapedate": "2023-01-01", "Num": ["IV.2019.00501"], "Kopfzeile": [{"Sprachen": ["de"], "Text": "Z\u00fcrich Sozialversicherungsgericht 04.03.2021 IV.2019.00501"}, {"Sprachen": ["fr"], "Text": "Zurich Sozialversicherungsgericht 04.03.2021 IV.2019.00501"}, {"Sprachen": ["it"], "Text": "Zurigo Sozialversicherungsgericht 04.03.2021 IV.2019.00501"}], "Meta": [{"Sprachen": ["de"], "Text": "Z\u00fcrich Sozialversicherungsgericht "}, {"Sprachen": ["fr"], "Text": "Zurich Sozialversicherungsgericht "}, {"Sprachen": ["it"], "Text": "Zurigo Sozialversicherungsgericht "}], "Abstract": [{"Sprachen": ["de", "fr", "it"], "Text": "Anspruch auf IV-Taggelder. Zeitpunkt des Beginns der Arbeitsunf\u00e4higkeit f\u00fcr die Beurteilung der Qualifikation als erwerbst\u00e4tig im Sinn von Art.\u00a022sexies IVV massgebend. Abweisung."}], "ScrapyJob": "446973/33/1864", "Zeit UTC": "06.05.2025 03:31:11", "Checksum": "500b0a6cd1d043abcd117a0ff580ca47"}