{"Signatur": "ZH_SVG_001", "Spider": "ZH_Sozialversicherungsgericht", "Sprache": "de", "Datum": "2020-08-27", "HTML": {"Datei": "ZH_Sozialversicherungsgericht/ZH_SVG_001_IV-2019-00771_2020-08-27.html", "URL": "https://findex.webgate.cloud/entscheide/IV.2019.00771.html", "Checksum": "5d50eb58639876b2659b6d0451ad4dde"}, "Scrapedate": "2023-01-01", "Num": ["IV.2019.00771"], "Kopfzeile": [{"Sprachen": ["de"], "Text": "Z\u00fcrich Sozialversicherungsgericht 27.08.2020 IV.2019.00771"}, {"Sprachen": ["fr"], "Text": "Zurich Sozialversicherungsgericht 27.08.2020 IV.2019.00771"}, {"Sprachen": ["it"], "Text": "Zurigo Sozialversicherungsgericht 27.08.2020 IV.2019.00771"}], "Meta": [{"Sprachen": ["de"], "Text": "Z\u00fcrich Sozialversicherungsgericht "}, {"Sprachen": ["fr"], "Text": "Zurich Sozialversicherungsgericht "}, {"Sprachen": ["it"], "Text": "Zurigo Sozialversicherungsgericht "}], "Abstract": [{"Sprachen": ["de", "fr", "it"], "Text": "Erstanmeldung, Asperger-Syndrom. RAD-Aktenbeurteilung \u00fcberzeugt nicht, zudem hat die IV-Stelle die Arbeitsf\u00e4higkeit im zeitlichen Verlauf nicht vollst\u00e4ndig abgekl\u00e4rt. R\u00fcckweisung zur Einholung eines psychiatrischen Gutachtens und allenfalls zur Pr\u00fcfung von Eingliederungsmassnahmen gem\u00e4ss dem Grundsatz \u00abEingliederung vor Rente\u00bb."}], "ScrapyJob": "446973/33/1864", "Zeit UTC": "06.05.2025 02:30:13", "Checksum": "8b9f4a9376dc186c75e1b364897502e7"}