{"Signatur": "ZH_SVG_001", "Spider": "ZH_Sozialversicherungsgericht", "Sprache": "de", "Datum": "2020-07-09", "HTML": {"Datei": "ZH_Sozialversicherungsgericht/ZH_SVG_001_IV-2019-00908_2020-07-09.html", "URL": "https://findex.webgate.cloud/entscheide/IV.2019.00908.html", "Checksum": "3233adb419d65d5091764fb00695649e"}, "Scrapedate": "2023-01-01", "Num": ["IV.2019.00908"], "Kopfzeile": [{"Sprachen": ["de"], "Text": "Z\u00fcrich Sozialversicherungsgericht 09.07.2020 IV.2019.00908"}, {"Sprachen": ["fr"], "Text": "Zurich Sozialversicherungsgericht 09.07.2020 IV.2019.00908"}, {"Sprachen": ["it"], "Text": "Zurigo Sozialversicherungsgericht 09.07.2020 IV.2019.00908"}], "Meta": [{"Sprachen": ["de"], "Text": "Z\u00fcrich Sozialversicherungsgericht "}, {"Sprachen": ["fr"], "Text": "Zurich Sozialversicherungsgericht "}, {"Sprachen": ["it"], "Text": "Zurigo Sozialversicherungsgericht "}], "Abstract": [{"Sprachen": ["de", "fr", "it"], "Text": "Vor Rentenherabsetzung sind Eingliederungsmassnahmen n\u00f6tig bei \u00fcber 55j\u00e4hriger Beschwerdef\u00fchrerin, welche eine ganze Rente bezog."}], "ScrapyJob": "446973/33/1864", "Zeit UTC": "06.05.2025 03:31:39", "Checksum": "f604a9e68167ac03d8b67bf996754fbd"}