{"Signatur": "ZH_SVG_001", "Spider": "ZH_Sozialversicherungsgericht", "Sprache": "de", "Datum": "2021-07-16", "HTML": {"Datei": "ZH_Sozialversicherungsgericht/ZH_SVG_001_IV-2020-00421_2021-07-16.html", "URL": "https://findex.webgate.cloud/entscheide/IV.2020.00421.html", "Checksum": "abb3ec736760dcf12f0ab58751ba129f"}, "Scrapedate": "2023-01-01", "Num": ["IV.2020.00421"], "Kopfzeile": [{"Sprachen": ["de"], "Text": "Z\u00fcrich Sozialversicherungsgericht 16.07.2021 IV.2020.00421"}, {"Sprachen": ["fr"], "Text": "Zurich Sozialversicherungsgericht 16.07.2021 IV.2020.00421"}, {"Sprachen": ["it"], "Text": "Zurigo Sozialversicherungsgericht 16.07.2021 IV.2020.00421"}], "Meta": [{"Sprachen": ["de"], "Text": "Z\u00fcrich Sozialversicherungsgericht "}, {"Sprachen": ["fr"], "Text": "Zurich Sozialversicherungsgericht "}, {"Sprachen": ["it"], "Text": "Zurigo Sozialversicherungsgericht "}], "Abstract": [{"Sprachen": ["de", "fr", "it"], "Text": "Bei Eintritt des Gesundheitsschadens war die versicherte Person teilweise erwerbst\u00e4tig, nicht im Aufgabenbereich t\u00e4tig und mit einer Vermittlungsf\u00e4higkeit von 100\u00a0% beim RAV angemeldet. Unter diesen Umst\u00e4nden ist im hypothetischen Gesundheitsfall von einem Vollzeitpensum auszugehen und die vor\u00fcbergehende vollumf\u00e4ngliche Arbeitsunf\u00e4higkeit bei der Invalidit\u00e4tsbemessung nicht proportional dem ausge\u00fcbten Teilzeitpensum anzupassen. Da die Beschwerdegegnerin bei dem \u00fcber 55-j\u00e4hrigen Versicherten keine Eingliederungsmassnahmen durchgef\u00fchrt hat, ist die Rente nicht zu befristen und besteht der Rentenanspruch einstweilen weiterhin."}], "ScrapyJob": "446973/33/1864", "Zeit UTC": "06.05.2025 03:22:58", "Checksum": "5e7f492165f593a85e360bf218df13ce"}