{"Signatur": "ZH_SVG_001", "Spider": "ZH_Sozialversicherungsgericht", "Sprache": "de", "Datum": "2021-11-15", "HTML": {"Datei": "ZH_Sozialversicherungsgericht/ZH_SVG_001_IV-2020-00624_2021-11-15.html", "URL": "https://findex.webgate.cloud/entscheide/IV.2020.00624.html", "Checksum": "1b33563f2748a54b86a177da212c691a"}, "Scrapedate": "2023-01-01", "Num": ["IV.2020.00624"], "Kopfzeile": [{"Sprachen": ["de"], "Text": "Z\u00fcrich Sozialversicherungsgericht 15.11.2021 IV.2020.00624"}, {"Sprachen": ["fr"], "Text": "Zurich Sozialversicherungsgericht 15.11.2021 IV.2020.00624"}, {"Sprachen": ["it"], "Text": "Zurigo Sozialversicherungsgericht 15.11.2021 IV.2020.00624"}], "Meta": [{"Sprachen": ["de"], "Text": "Z\u00fcrich Sozialversicherungsgericht "}, {"Sprachen": ["fr"], "Text": "Zurich Sozialversicherungsgericht "}, {"Sprachen": ["it"], "Text": "Zurigo Sozialversicherungsgericht "}], "Abstract": [{"Sprachen": ["de", "fr", "it"], "Text": "Erstanmeldung. Die psychiatrische Gutachterin, die vom Krankentaggeldversicherer beauftragt wurde, und der RAD \u00e4usserten sich nicht zur Auswirkung der psychosozialen Faktoren auf die Arbeitsf\u00e4higkeit, obwohl beim Beschwerdef\u00fchrer diverse psychosoziale Belastungen vorlagen. Fraglich ist zudem, ob sich der Gesundheitszustand verbessert hat. R\u00fcckweisung."}], "ScrapyJob": "446973/33/1864", "Zeit UTC": "06.05.2025 03:00:34", "Checksum": "56448518d8028a521c08305eb6e92cf6"}