{"Signatur": "ZH_SVG_001", "Spider": "ZH_Sozialversicherungsgericht", "Sprache": "de", "Datum": "2022-02-01", "HTML": {"Datei": "ZH_Sozialversicherungsgericht/ZH_SVG_001_IV-2020-00696_2022-02-01.html", "URL": "https://findex.webgate.cloud/entscheide/IV.2020.00696.html", "Checksum": "c5150a33f4fc8620cf457084bae01a09"}, "Scrapedate": "2023-01-01", "Num": ["IV.2020.00696"], "Kopfzeile": [{"Sprachen": ["de"], "Text": "Z\u00fcrich Sozialversicherungsgericht 01.02.2022 IV.2020.00696"}, {"Sprachen": ["fr"], "Text": "Zurich Sozialversicherungsgericht 01.02.2022 IV.2020.00696"}, {"Sprachen": ["it"], "Text": "Zurigo Sozialversicherungsgericht 01.02.2022 IV.2020.00696"}], "Meta": [{"Sprachen": ["de"], "Text": "Z\u00fcrich Sozialversicherungsgericht "}, {"Sprachen": ["fr"], "Text": "Zurich Sozialversicherungsgericht "}, {"Sprachen": ["it"], "Text": "Zurigo Sozialversicherungsgericht "}], "Abstract": [{"Sprachen": ["de", "fr", "it"], "Text": "Auf RAD-Stellungnahme kann mangels Schl\u00fcssigkeit nicht abgestellt werden. Im Bereich der Psychiatrie liegt keine verl\u00e4ssliche Einsch\u00e4tzung der Arbeitsf\u00e4higkeit vor. Ferner bestehen Anhaltspunkte f\u00fcr ein onkologisches Leiden mit Auswirkung auf die Arbeitsf\u00e4higkeit."}], "ScrapyJob": "446973/33/1947", "Zeit UTC": "24.07.2025 00:54:54", "Checksum": "2e0cafb1f5703fa7c778f03dbc0876bf"}