{"Signatur": "ZH_SVG_001", "Spider": "ZH_Sozialversicherungsgericht", "Sprache": "de", "Datum": "2022-02-10", "HTML": {"Datei": "ZH_Sozialversicherungsgericht/ZH_SVG_001_IV-2020-00720_2022-02-10.html", "URL": "https://findex.webgate.cloud/entscheide/IV.2020.00720.html", "Checksum": "5cc09addc1c7e47441bcf4f75b38c890"}, "Scrapedate": "2023-01-01", "Num": ["IV.2020.00720"], "Kopfzeile": [{"Sprachen": ["de"], "Text": "Z\u00fcrich Sozialversicherungsgericht 10.02.2022 IV.2020.00720"}, {"Sprachen": ["fr"], "Text": "Zurich Sozialversicherungsgericht 10.02.2022 IV.2020.00720"}, {"Sprachen": ["it"], "Text": "Zurigo Sozialversicherungsgericht 10.02.2022 IV.2020.00720"}], "Meta": [{"Sprachen": ["de"], "Text": "Z\u00fcrich Sozialversicherungsgericht "}, {"Sprachen": ["fr"], "Text": "Zurich Sozialversicherungsgericht "}, {"Sprachen": ["it"], "Text": "Zurigo Sozialversicherungsgericht "}], "Abstract": [{"Sprachen": ["de", "fr", "it"], "Text": "Die im Gutachten attestierte Arbeitsunf\u00e4higkeit ist \u00fcberzeugend. Keine Indikatorenpr\u00fcfung, da im Konsens die aus psychiatrischer Sicht attestierte AUF nicht additiv zur somatisch bedingten AUF ber\u00fccksichtigt wurde. Valideneinkommen mit LSE bestimmt, da der Bf. in der bisherigen T\u00e4tigkeit schon seit L\u00e4ngerem arbeitsunf\u00e4hig war."}], "ScrapyJob": "446973/33/1947", "Zeit UTC": "24.07.2025 00:53:26", "Checksum": "cee91348da6dc708668ac684bfdcc50b"}