{"Signatur": "ZH_SVG_001", "Spider": "ZH_Sozialversicherungsgericht", "Sprache": "de", "Datum": "2021-11-16", "HTML": {"Datei": "ZH_Sozialversicherungsgericht/ZH_SVG_001_IV-2020-00830_2021-11-16.html", "URL": "https://findex.webgate.cloud/entscheide/IV.2020.00830.html", "Checksum": "7c7aa71afff5f541f7bd2cbce54abe09"}, "Scrapedate": "2023-01-01", "Num": ["IV.2020.00830"], "Kopfzeile": [{"Sprachen": ["de"], "Text": "Z\u00fcrich Sozialversicherungsgericht 16.11.2021 IV.2020.00830"}, {"Sprachen": ["fr"], "Text": "Zurich Sozialversicherungsgericht 16.11.2021 IV.2020.00830"}, {"Sprachen": ["it"], "Text": "Zurigo Sozialversicherungsgericht 16.11.2021 IV.2020.00830"}], "Meta": [{"Sprachen": ["de"], "Text": "Z\u00fcrich Sozialversicherungsgericht "}, {"Sprachen": ["fr"], "Text": "Zurich Sozialversicherungsgericht "}, {"Sprachen": ["it"], "Text": "Zurigo Sozialversicherungsgericht "}], "Abstract": [{"Sprachen": ["de", "fr", "it"], "Text": "Kein Anspruch auf IV-Taggelder w\u00e4hrend Eingliederungsmassnahmen, da die Voraussetzungen f\u00fcr eine Erwerbst\u00e4tigkeit im Sinne von Art.\u00a022sexies IVV nicht erf\u00fcllt sind; Abweisung."}], "ScrapyJob": "446973/33/1864", "Zeit UTC": "06.05.2025 02:23:35", "Checksum": "1725d707ecd7bde62dbac63a9c2a2c18"}