{"Signatur": "ZH_SVG_001", "Spider": "ZH_Sozialversicherungsgericht", "Sprache": "de", "Datum": "2022-03-25", "HTML": {"Datei": "ZH_Sozialversicherungsgericht/ZH_SVG_001_IV-2020-00850_2022-03-25.html", "URL": "https://findex.webgate.cloud/entscheide/IV.2020.00850.html", "Checksum": "1256cdde5a45afb305ac38ddfed940cc"}, "Scrapedate": "2023-01-01", "Num": ["IV.2020.00850"], "Kopfzeile": [{"Sprachen": ["de"], "Text": "Z\u00fcrich Sozialversicherungsgericht 25.03.2022 IV.2020.00850"}, {"Sprachen": ["fr"], "Text": "Zurich Sozialversicherungsgericht 25.03.2022 IV.2020.00850"}, {"Sprachen": ["it"], "Text": "Zurigo Sozialversicherungsgericht 25.03.2022 IV.2020.00850"}], "Meta": [{"Sprachen": ["de"], "Text": "Z\u00fcrich Sozialversicherungsgericht "}, {"Sprachen": ["fr"], "Text": "Zurich Sozialversicherungsgericht "}, {"Sprachen": ["it"], "Text": "Zurigo Sozialversicherungsgericht "}], "Abstract": [{"Sprachen": ["de", "fr", "it"], "Text": "Frage der Auswirkungen eines epileptischen Geschehens auf die Arbeitsf\u00e4higkeit. Auch bei objektiv nachgewiesenen epileptischen Zeichen stellt sich die Frage nach den Auswirkungen dieser Befunde im Alltag und im Arbeitsleben und hierbei auch nach einer Beteiligung von psychischen oder krankheitsfremden Faktoren. Diese Frage liess sich im Rahmen einmaliger gutachterlicher Abkl\u00e4rungsgespr\u00e4che nicht beantworten. R\u00fcckweisung zur Durchf\u00fchrung einer station\u00e4ren medizinischen Abkl\u00e4rung in einer Institution, die idealerweise auch Gelegenheit zur Erprobung der Leistungsf\u00e4higkeit bietet. Anschliessend ist die Frage nach der Verwertbarkeit der ermittelten effektiven Leistungsf\u00e4higkeit auf dem allgemeinen Arbeitsmarkt zu pr\u00fcfen, wof\u00fcr es eines konkreten, auf die Beschwerdef\u00fchrerin zugeschnittenen berufsberaterischen T\u00e4tigwerdens bedarf."}], "ScrapyJob": "446973/33/1947", "Zeit UTC": "24.07.2025 00:52:20", "Checksum": "1b3e709520557d620e9539fefbd295dc"}