{"Signatur": "ZH_SVG_001", "Spider": "ZH_Sozialversicherungsgericht", "Sprache": "de", "Datum": "2022-02-28", "HTML": {"Datei": "ZH_Sozialversicherungsgericht/ZH_SVG_001_IV-2021-00287_2022-02-28.html", "URL": "https://findex.webgate.cloud/entscheide/IV.2021.00287.html", "Checksum": "550c99f8f72c180590b6c9406032ac7b"}, "Scrapedate": "2023-01-01", "Num": ["IV.2021.00287"], "Kopfzeile": [{"Sprachen": ["de"], "Text": "Z\u00fcrich Sozialversicherungsgericht 28.02.2022 IV.2021.00287"}, {"Sprachen": ["fr"], "Text": "Zurich Sozialversicherungsgericht 28.02.2022 IV.2021.00287"}, {"Sprachen": ["it"], "Text": "Zurigo Sozialversicherungsgericht 28.02.2022 IV.2021.00287"}], "Meta": [{"Sprachen": ["de"], "Text": "Z\u00fcrich Sozialversicherungsgericht "}, {"Sprachen": ["fr"], "Text": "Zurich Sozialversicherungsgericht "}, {"Sprachen": ["it"], "Text": "Zurigo Sozialversicherungsgericht "}], "Abstract": [{"Sprachen": ["de", "fr", "it"], "Text": "Arbeitsunf\u00e4higkeit im auf dem zweiten Bildungsweg erlangten Beruf als Primarlehrer, fraglich gesundheitsbedingt wegen verpasster praktischer Pr\u00fcfung ohne Diplom; gesundheitlich bedingter Eingliederungsbedarf ist abzukl\u00e4ren, auch wenn attestierte Beeintr\u00e4chtigungen (teilweise) remittiert sind"}], "ScrapyJob": "446973/33/1947", "Zeit UTC": "24.07.2025 00:48:37", "Checksum": "a9458def98af212680bb3c99f233fbaa"}