{"Signatur": "ZH_SVG_001", "Spider": "ZH_Sozialversicherungsgericht", "Sprache": "de", "Datum": "2021-09-30", "HTML": {"Datei": "ZH_Sozialversicherungsgericht/ZH_SVG_001_IV-2021-00382_2021-09-30.html", "URL": "https://findex.webgate.cloud/entscheide/IV.2021.00382.html", "Checksum": "922bb067f39521b58af0868f58ede5f7"}, "Scrapedate": "2023-01-01", "Num": ["IV.2021.00382"], "Kopfzeile": [{"Sprachen": ["de"], "Text": "Z\u00fcrich Sozialversicherungsgericht 30.09.2021 IV.2021.00382"}, {"Sprachen": ["fr"], "Text": "Zurich Sozialversicherungsgericht 30.09.2021 IV.2021.00382"}, {"Sprachen": ["it"], "Text": "Zurigo Sozialversicherungsgericht 30.09.2021 IV.2021.00382"}], "Meta": [{"Sprachen": ["de"], "Text": "Z\u00fcrich Sozialversicherungsgericht "}, {"Sprachen": ["fr"], "Text": "Zurich Sozialversicherungsgericht "}, {"Sprachen": ["it"], "Text": "Zurigo Sozialversicherungsgericht "}], "Abstract": [{"Sprachen": ["de", "fr", "it"], "Text": "Anspruch auf berufliche Massnahmen ungen\u00fcgend abgekl\u00e4rt, da nicht ohne Weiteres von einem fehlendem subjektivem Eingliederungswillen ausgegangen werden kann; R\u00fcckweisung."}], "ScrapyJob": "446973/33/1864", "Zeit UTC": "06.05.2025 03:23:14", "Checksum": "0e4be739aa419569952b5a7b75c19ba9"}