{"Signatur": "ZH_SVG_001", "Spider": "ZH_Sozialversicherungsgericht", "Sprache": "de", "Datum": "2023-02-21", "HTML": {"Datei": "ZH_Sozialversicherungsgericht/ZH_SVG_001_IV-2021-00640_2023-02-21.html", "URL": "https://findex.webgate.cloud/entscheide/IV.2021.00640.html", "Checksum": "ee266c9caf5314049e6c8267e5e7958d"}, "Scrapedate": "2024-05-26", "Num": ["IV.2021.00640"], "Kopfzeile": [{"Sprachen": ["de"], "Text": "Z\u00fcrich Sozialversicherungsgericht 21.02.2023 IV.2021.00640"}, {"Sprachen": ["fr"], "Text": "Zurich Sozialversicherungsgericht 21.02.2023 IV.2021.00640"}, {"Sprachen": ["it"], "Text": "Zurigo Sozialversicherungsgericht 21.02.2023 IV.2021.00640"}], "Meta": [{"Sprachen": ["de"], "Text": "Z\u00fcrich Sozialversicherungsgericht "}, {"Sprachen": ["fr"], "Text": "Zurich Sozialversicherungsgericht "}, {"Sprachen": ["it"], "Text": "Zurigo Sozialversicherungsgericht "}], "Abstract": [{"Sprachen": ["de", "fr", "it"], "Text": "Auf die RAD-Aktenbeurteilung kann unter Ber\u00fccksichtigung \u00e4rztlicher Berichte, die zwar nach der angefochtenen Verf\u00fcgung datieren, aber mit dem Streitgegenstand in engem Sachzusammenhang stehen, nicht abgestellt werden: Autismus/Asperger-Syndrom wurde erst nach Verf\u00fcgungserlass diagnostiziert; Statusfrage ebenfalls nicht hinreichend gekl\u00e4rt; R\u00fcckweisung."}], "ScrapyJob": "446973/33/1502", "Zeit UTC": "26.05.2024 00:41:17", "Checksum": "c1a2d1eaf4684430cfd78bdf648f69a8"}