{"Signatur": "ZH_SVG_001", "Spider": "ZH_Sozialversicherungsgericht", "Sprache": "de", "Datum": "2023-02-22", "HTML": {"Datei": "ZH_Sozialversicherungsgericht/ZH_SVG_001_IV-2021-00640_2023-02-22.html", "URL": "https://findex.webgate.cloud/entscheide/IV.2021.00640.html", "Checksum": "656b4807273f4f89979179007b099fb1"}, "Scrapedate": "2023-01-01", "Num": ["IV.2021.00640"], "Kopfzeile": [{"Sprachen": ["de"], "Text": "Z\u00fcrich Sozialversicherungsgericht 22.02.2023 IV.2021.00640"}, {"Sprachen": ["fr"], "Text": "Zurich Sozialversicherungsgericht 22.02.2023 IV.2021.00640"}, {"Sprachen": ["it"], "Text": "Zurigo Sozialversicherungsgericht 22.02.2023 IV.2021.00640"}], "Meta": [{"Sprachen": ["de"], "Text": "Z\u00fcrich Sozialversicherungsgericht "}, {"Sprachen": ["fr"], "Text": "Zurich Sozialversicherungsgericht "}, {"Sprachen": ["it"], "Text": "Zurigo Sozialversicherungsgericht "}], "Abstract": [{"Sprachen": ["de", "fr", "it"], "Text": "Auf die RAD-Aktenbeurteilung kann unter Ber\u00fccksichtigung \u00e4rztlicher Berichte, die zwar nach der angefochtenen Verf\u00fcgung datieren, aber mit dem Streitgegenstand in engem Sachzusammenhang stehen, nicht abgestellt werden: Autismus/Asperger-Syndrom wurde erst nach Verf\u00fcgungserlass diagnostiziert; Statusfrage ebenfalls nicht hinreichend gekl\u00e4rt; R\u00fcckweisung."}], "ScrapyJob": "446973/33/1947", "Zeit UTC": "24.07.2025 00:49:51", "Checksum": "d733a55ec1046aa0dcfa608957c62605"}