{"Signatur": "ZH_SVG_001", "Spider": "ZH_Sozialversicherungsgericht", "Sprache": "de", "Datum": "2022-10-27", "HTML": {"Datei": "ZH_Sozialversicherungsgericht/ZH_SVG_001_IV-2021-00755_2022-10-27.html", "URL": "https://findex.webgate.cloud/entscheide/IV.2021.00755.html", "Checksum": "c9d141bdaef02fd40c67ca0d0245c80d"}, "Scrapedate": "2024-05-26", "Num": ["IV.2021.00755"], "Kopfzeile": [{"Sprachen": ["de"], "Text": "Z\u00fcrich Sozialversicherungsgericht 27.10.2022 IV.2021.00755"}, {"Sprachen": ["fr"], "Text": "Zurich Sozialversicherungsgericht 27.10.2022 IV.2021.00755"}, {"Sprachen": ["it"], "Text": "Zurigo Sozialversicherungsgericht 27.10.2022 IV.2021.00755"}], "Meta": [{"Sprachen": ["de"], "Text": "Z\u00fcrich Sozialversicherungsgericht "}, {"Sprachen": ["fr"], "Text": "Zurich Sozialversicherungsgericht "}, {"Sprachen": ["it"], "Text": "Zurigo Sozialversicherungsgericht "}], "Abstract": [{"Sprachen": ["de", "fr", "it"], "Text": "Vor Rentenherabsetzung sind Eingliederungsmassnahmen durchzuf\u00fchren, da dem \u00fcber 55j\u00e4hrigen Beschwerdef\u00fchrer die Selbsteingliederung in einer Verweist\u00e4tigkeit nicht zumutbar ist. "}], "ScrapyJob": "446973/33/1502", "Zeit UTC": "26.05.2024 00:45:07", "Checksum": "f61a99563974866b34e43f74bcada977"}