{"Signatur": "ZH_SVG_001", "Spider": "ZH_Sozialversicherungsgericht", "Sprache": "de", "Datum": "2022-12-21", "HTML": {"Datei": "ZH_Sozialversicherungsgericht/ZH_SVG_001_IV-2022-00303_2022-12-21.html", "URL": "https://findex.webgate.cloud/entscheide/IV.2022.00303.html", "Checksum": "9ce8c43275791b06fe4175aa742b2415"}, "Scrapedate": "2024-05-26", "Num": ["IV.2022.00303"], "Kopfzeile": [{"Sprachen": ["de"], "Text": "Z\u00fcrich Sozialversicherungsgericht 21.12.2022 IV.2022.00303"}, {"Sprachen": ["fr"], "Text": "Zurich Sozialversicherungsgericht 21.12.2022 IV.2022.00303"}, {"Sprachen": ["it"], "Text": "Zurigo Sozialversicherungsgericht 21.12.2022 IV.2022.00303"}], "Meta": [{"Sprachen": ["de"], "Text": "Z\u00fcrich Sozialversicherungsgericht "}, {"Sprachen": ["fr"], "Text": "Zurich Sozialversicherungsgericht "}, {"Sprachen": ["it"], "Text": "Zurigo Sozialversicherungsgericht "}], "Abstract": [{"Sprachen": ["de", "fr", "it"], "Text": "F\u00fcr die Ermittlung des Eckwerts des 55. Altersjahres in Bezug auf die Frage, ob Eingliederungsmassnahmen vor einer Herabsetzung oder Aufhebung der Rente durchzuf\u00fchren sind, ist auch bei r\u00fcckwirkend befristeter und/oder abgestufter Rentenzusprache auf den Verf\u00fcgungszeitpunkt abzustellen; Gutheissung und R\u00fcckweisung zur Pr\u00fcfung der Selbsteingliederungsf\u00e4higkeit."}], "ScrapyJob": "446973/33/1502", "Zeit UTC": "26.05.2024 00:45:03", "Checksum": "6d9c5ce28d288cc12799d4a54e84c049"}