{"Signatur": "ZH_SVG_001", "Spider": "ZH_Sozialversicherungsgericht", "Sprache": "de", "Datum": "2023-12-13", "HTML": {"Datei": "ZH_Sozialversicherungsgericht/ZH_SVG_001_IV-2022-00444_2023-12-13.html", "URL": "https://findex.webgate.cloud/entscheide/IV.2022.00444.html", "Checksum": "9d50451103a6e443264ba598f03b6765"}, "Scrapedate": "2023-01-01", "Num": ["IV.2022.00444"], "Kopfzeile": [{"Sprachen": ["de"], "Text": "Z\u00fcrich Sozialversicherungsgericht 13.12.2023 IV.2022.00444"}, {"Sprachen": ["fr"], "Text": "Zurich Sozialversicherungsgericht 13.12.2023 IV.2022.00444"}, {"Sprachen": ["it"], "Text": "Zurigo Sozialversicherungsgericht 13.12.2023 IV.2022.00444"}], "Meta": [{"Sprachen": ["de"], "Text": "Z\u00fcrich Sozialversicherungsgericht "}, {"Sprachen": ["fr"], "Text": "Zurich Sozialversicherungsgericht "}, {"Sprachen": ["it"], "Text": "Zurigo Sozialversicherungsgericht "}], "Abstract": [{"Sprachen": ["de", "fr", "it"], "Text": "Beginn des Rentenanspruchs bei grunds\u00e4tzlicher Eingliederungsf\u00e4higkeit und in Konkurrenz zu Eingliederungsmassnahmen. Medizinische Aktenlage nach Abschluss der Eingliederungsmassnahmen nicht beweiskr\u00e4ftig. R\u00fcckweisung zur Abkl\u00e4rung des Einflusses der neuropathischen Schmerzen auf die Leistungsf\u00e4higkeit. "}], "ScrapyJob": "446973/33/1947", "Zeit UTC": "24.07.2025 00:49:23", "Checksum": "33df9aa7c2118aa3927c364249c05d21"}