{"Signatur": "ZH_SVG_001", "Spider": "ZH_Sozialversicherungsgericht", "Sprache": "de", "Datum": "2023-06-18", "HTML": {"Datei": "ZH_Sozialversicherungsgericht/ZH_SVG_001_IV-2022-00570_2023-06-18.html", "URL": "https://findex.webgate.cloud/entscheide/IV.2022.00570.html", "Checksum": "3a7e826a297796117a41f37fc3a691ef"}, "Scrapedate": "2024-05-26", "Num": ["IV.2022.00570"], "Kopfzeile": [{"Sprachen": ["de"], "Text": "Z\u00fcrich Sozialversicherungsgericht 18.06.2023 IV.2022.00570"}, {"Sprachen": ["fr"], "Text": "Zurich Sozialversicherungsgericht 18.06.2023 IV.2022.00570"}, {"Sprachen": ["it"], "Text": "Zurigo Sozialversicherungsgericht 18.06.2023 IV.2022.00570"}], "Meta": [{"Sprachen": ["de"], "Text": "Z\u00fcrich Sozialversicherungsgericht "}, {"Sprachen": ["fr"], "Text": "Zurich Sozialversicherungsgericht "}, {"Sprachen": ["it"], "Text": "Zurigo Sozialversicherungsgericht "}], "Abstract": [{"Sprachen": ["de", "fr", "it"], "Text": "Befristete ganze Rente, RAD-Beurteilung beweiskr\u00e4ftig, 100%ige Restarbeitsf\u00e4higkeit im Anschluss an vollst\u00e4ndige Arbeitsf\u00e4higkeit best\u00e4tigt, Beschwerdef\u00fchrerin bei Verf\u00fcgungserlass \u00fcber 55 Jahre alt, Eingliederungsmassnahmen in Form von Arbeitsvermittlung wurden bereits durchgef\u00fchrt, zufolge psychosozialer Belastungen und Krankheits\u00fcberzeugung fehlende subjektive Eingliederungsf\u00e4higkeit, Einstellung der Leistungen nach Abschluss der Massnahmen."}], "ScrapyJob": "446973/33/1502", "Zeit UTC": "26.05.2024 00:39:05", "Checksum": "b0a661dd647b7883f03ec4fda3e27da4"}