{"Signatur": "ZH_SVG_001", "Spider": "ZH_Sozialversicherungsgericht", "Sprache": "de", "Datum": "2023-06-19", "HTML": {"Datei": "ZH_Sozialversicherungsgericht/ZH_SVG_001_IV-2022-00570_2023-06-19.html", "URL": "https://findex.webgate.cloud/entscheide/IV.2022.00570.html", "Checksum": "c56e6f3e394857bdf89303648f979d47"}, "Scrapedate": "2023-01-01", "Num": ["IV.2022.00570"], "Kopfzeile": [{"Sprachen": ["de"], "Text": "Z\u00fcrich Sozialversicherungsgericht 19.06.2023 IV.2022.00570"}, {"Sprachen": ["fr"], "Text": "Zurich Sozialversicherungsgericht 19.06.2023 IV.2022.00570"}, {"Sprachen": ["it"], "Text": "Zurigo Sozialversicherungsgericht 19.06.2023 IV.2022.00570"}], "Meta": [{"Sprachen": ["de"], "Text": "Z\u00fcrich Sozialversicherungsgericht "}, {"Sprachen": ["fr"], "Text": "Zurich Sozialversicherungsgericht "}, {"Sprachen": ["it"], "Text": "Zurigo Sozialversicherungsgericht "}], "Abstract": [{"Sprachen": ["de", "fr", "it"], "Text": "Befristete ganze Rente, RAD-Beurteilung beweiskr\u00e4ftig, 100%ige Restarbeitsf\u00e4higkeit im Anschluss an vollst\u00e4ndige Arbeitsf\u00e4higkeit best\u00e4tigt, Beschwerdef\u00fchrerin bei Verf\u00fcgungserlass \u00fcber 55 Jahre alt, Eingliederungsmassnahmen in Form von Arbeitsvermittlung wurden bereits durchgef\u00fchrt, zufolge psychosozialer Belastungen und Krankheits\u00fcberzeugung fehlende subjektive Eingliederungsf\u00e4higkeit, Einstellung der Leistungen nach Abschluss der Massnahmen."}], "ScrapyJob": "446973/33/1947", "Zeit UTC": "24.07.2025 00:47:07", "Checksum": "e6861b4cabb759eb9a1dbcff4d75dd95"}