{"Signatur": "ZH_SVG_001", "Spider": "ZH_Sozialversicherungsgericht", "Sprache": "de", "Datum": "2023-03-22", "HTML": {"Datei": "ZH_Sozialversicherungsgericht/ZH_SVG_001_IV-2022-00579_2023-03-22.html", "URL": "https://findex.webgate.cloud/entscheide/IV.2022.00579.html", "Checksum": "df4868e68f8c60643ba05c7deff67f17"}, "Scrapedate": "2024-05-26", "Num": ["IV.2022.00579"], "Kopfzeile": [{"Sprachen": ["de"], "Text": "Z\u00fcrich Sozialversicherungsgericht 22.03.2023 IV.2022.00579"}, {"Sprachen": ["fr"], "Text": "Zurich Sozialversicherungsgericht 22.03.2023 IV.2022.00579"}, {"Sprachen": ["it"], "Text": "Zurigo Sozialversicherungsgericht 22.03.2023 IV.2022.00579"}], "Meta": [{"Sprachen": ["de"], "Text": "Z\u00fcrich Sozialversicherungsgericht "}, {"Sprachen": ["fr"], "Text": "Zurich Sozialversicherungsgericht "}, {"Sprachen": ["it"], "Text": "Zurigo Sozialversicherungsgericht "}], "Abstract": [{"Sprachen": ["de", "fr", "it"], "Text": "Eingliederungsf\u00e4higkeit des Versicherten f\u00fcr Integrationsmassnahmen nicht gegeben, keine konkreten Massnahmen beantragt, kein Rentenanspruch bei Arbeitsf\u00e4higkeit in der angestammten T\u00e4tigkeit; Abweisung. (h\u00e4ngig)"}], "ScrapyJob": "446973/33/1502", "Zeit UTC": "26.05.2024 00:38:22", "Checksum": "39673dd3651164199e423526ffc458e7"}