{"Signatur": "ZH_SVG_001", "Spider": "ZH_Sozialversicherungsgericht", "Sprache": "de", "Datum": "2023-03-23", "HTML": {"Datei": "ZH_Sozialversicherungsgericht/ZH_SVG_001_IV-2022-00579_2023-03-23.html", "URL": "https://findex.webgate.cloud/entscheide/IV.2022.00579.html", "Checksum": "237a20b1fca84b499f74dc248eb28d3e"}, "Scrapedate": "2023-01-01", "Num": ["IV.2022.00579"], "Kopfzeile": [{"Sprachen": ["de"], "Text": "Z\u00fcrich Sozialversicherungsgericht 23.03.2023 IV.2022.00579"}, {"Sprachen": ["fr"], "Text": "Zurich Sozialversicherungsgericht 23.03.2023 IV.2022.00579"}, {"Sprachen": ["it"], "Text": "Zurigo Sozialversicherungsgericht 23.03.2023 IV.2022.00579"}], "Meta": [{"Sprachen": ["de"], "Text": "Z\u00fcrich Sozialversicherungsgericht "}, {"Sprachen": ["fr"], "Text": "Zurich Sozialversicherungsgericht "}, {"Sprachen": ["it"], "Text": "Zurigo Sozialversicherungsgericht "}], "Abstract": [{"Sprachen": ["de", "fr", "it"], "Text": "Eingliederungsf\u00e4higkeit des Versicherten f\u00fcr Integrationsmassnahmen nicht gegeben, keine konkreten Massnahmen beantragt, kein Rentenanspruch bei Arbeitsf\u00e4higkeit in der angestammten T\u00e4tigkeit; Abweisung. (BGE 8C_395/2023)"}], "ScrapyJob": "446973/33/1947", "Zeit UTC": "24.07.2025 00:45:52", "Checksum": "33ebf0769968211e7d87157c02319101"}