{"Signatur": "ZH_SVG_001", "Spider": "ZH_Sozialversicherungsgericht", "Sprache": "de", "Datum": "2023-11-06", "HTML": {"Datei": "ZH_Sozialversicherungsgericht/ZH_SVG_001_IV-2023-00057_2023-11-06.html", "URL": "https://findex.webgate.cloud/entscheide/IV.2023.00057.html", "Checksum": "f6a8329877b90a8ce9b06d82184efdcd"}, "Scrapedate": "2023-01-01", "Num": ["IV.2023.00057"], "Kopfzeile": [{"Sprachen": ["de"], "Text": "Z\u00fcrich Sozialversicherungsgericht 06.11.2023 IV.2023.00057"}, {"Sprachen": ["fr"], "Text": "Zurich Sozialversicherungsgericht 06.11.2023 IV.2023.00057"}, {"Sprachen": ["it"], "Text": "Zurigo Sozialversicherungsgericht 06.11.2023 IV.2023.00057"}], "Meta": [{"Sprachen": ["de"], "Text": "Z\u00fcrich Sozialversicherungsgericht "}, {"Sprachen": ["fr"], "Text": "Zurich Sozialversicherungsgericht "}, {"Sprachen": ["it"], "Text": "Zurigo Sozialversicherungsgericht "}], "Abstract": [{"Sprachen": ["de", "fr", "it"], "Text": "Rentenanspruch und Anspruch auf berufliche Massnahmen strittig. Obwohl RAD psychiatrisches Teilgutachten einer polydisziplin\u00e4ren Abkl\u00e4rung zu Recht als nicht beweiswertig beurteilte, verneinte die IV-Stelle gest\u00fctzt auf eine Indikatorenpr\u00fcfung ohne erg\u00e4nzende medizinische Abkl\u00e4rungen einen Rentenanspruch. Einen Anspruch auf berufliche Massnahmen verneinte sie ohne Pr\u00fcfung der Anspruchsvoraussetzungen. R\u00fcckweisung zu erg\u00e4nzenden Abkl\u00e4rungen und zeitnaher Pr\u00fcfung beruflicher Eingliederungsmassnahmen."}], "ScrapyJob": "446973/33/1947", "Zeit UTC": "24.07.2025 00:44:53", "Checksum": "b9300f3773e0d96b61306cf0e32820af"}