{"Signatur": "ZH_SVG_001", "Spider": "ZH_Sozialversicherungsgericht", "Sprache": "de", "Datum": "2023-09-18", "HTML": {"Datei": "ZH_Sozialversicherungsgericht/ZH_SVG_001_IV-2023-00156_2023-09-18.html", "URL": "https://findex.webgate.cloud/entscheide/IV.2023.00156.html", "Checksum": "6cdb790e6223ea1854534245c8d25836"}, "Scrapedate": "2024-05-26", "Num": ["IV.2023.00156"], "Kopfzeile": [{"Sprachen": ["de"], "Text": "Z\u00fcrich Sozialversicherungsgericht 18.09.2023 IV.2023.00156"}, {"Sprachen": ["fr"], "Text": "Zurich Sozialversicherungsgericht 18.09.2023 IV.2023.00156"}, {"Sprachen": ["it"], "Text": "Zurigo Sozialversicherungsgericht 18.09.2023 IV.2023.00156"}], "Meta": [{"Sprachen": ["de"], "Text": "Z\u00fcrich Sozialversicherungsgericht "}, {"Sprachen": ["fr"], "Text": "Zurich Sozialversicherungsgericht "}, {"Sprachen": ["it"], "Text": "Zurigo Sozialversicherungsgericht "}], "Abstract": [{"Sprachen": ["de", "fr", "it"], "Text": "Gesuch um Kosten\u00fcbernahme f\u00fcr Psychotherapie im Sinne einer medizinischen Massnahme zur Eingliederung gem\u00e4ss Art. 12 IVG. Es wurde nicht dargetan, dass mit der Massnahme ein schwer korrigierbarer, die Schul- beziehungsweise die sp\u00e4tere Ausbildungs- und Erwerbsf\u00e4higkeit erheblich behindernder Defektzustand verhindert werden soll. Abweisung."}], "ScrapyJob": "446973/33/1502", "Zeit UTC": "26.05.2024 00:41:06", "Checksum": "d5faaa6470c292ef6df73f1e6c1f5b96"}