{"Signatur": "ZH_SVG_001", "Spider": "ZH_Sozialversicherungsgericht", "Sprache": "de", "Datum": "2024-03-26", "HTML": {"Datei": "ZH_Sozialversicherungsgericht/ZH_SVG_001_IV-2023-00260_2024-03-26.html", "URL": "https://findex.webgate.cloud/entscheide/IV.2023.00260.html", "Checksum": "2f2749ba9754c74b325be068f8ddb72f"}, "Scrapedate": "2023-01-01", "Num": ["IV.2023.00260"], "Kopfzeile": [{"Sprachen": ["de"], "Text": "Z\u00fcrich Sozialversicherungsgericht 26.03.2024 IV.2023.00260"}, {"Sprachen": ["fr"], "Text": "Zurich Sozialversicherungsgericht 26.03.2024 IV.2023.00260"}, {"Sprachen": ["it"], "Text": "Zurigo Sozialversicherungsgericht 26.03.2024 IV.2023.00260"}], "Meta": [{"Sprachen": ["de"], "Text": "Z\u00fcrich Sozialversicherungsgericht "}, {"Sprachen": ["fr"], "Text": "Zurich Sozialversicherungsgericht "}, {"Sprachen": ["it"], "Text": "Zurigo Sozialversicherungsgericht "}], "Abstract": [{"Sprachen": ["de", "fr", "it"], "Text": "Es ist nicht davon auszugehen, dass der Beschwerdef\u00fchrer die im Jahr 2010 zwar gesundheitsbedingt aufgegebene Nebenbesch\u00e4ftigung aktuell im Gesundheitsfall weiterhin aus\u00fcben w\u00fcrde. Parallelisierung der Vergleichseinkommen, kein zus\u00e4tzlicher leidensbedingter Abzug. Kein Anspruch auf berufliche Massnahmen. (h\u00e4ngig)"}], "ScrapyJob": "446973/33/1947", "Zeit UTC": "24.07.2025 00:45:48", "Checksum": "7ab880082dd0db5bfd90039e8ed93799"}