{"Signatur": "ZH_SVG_001", "Spider": "ZH_Sozialversicherungsgericht", "Sprache": "de", "Datum": "2024-04-25", "HTML": {"Datei": "ZH_Sozialversicherungsgericht/ZH_SVG_001_IV-2023-00361_2024-04-25.html", "URL": "https://findex.webgate.cloud/entscheide/IV.2023.00361.html", "Checksum": "fa8539bb2e560c28c4ae09dceb27715e"}, "Scrapedate": "2023-01-01", "Num": ["IV.2023.00361"], "Kopfzeile": [{"Sprachen": ["de"], "Text": "Z\u00fcrich Sozialversicherungsgericht 25.04.2024 IV.2023.00361"}, {"Sprachen": ["fr"], "Text": "Zurich Sozialversicherungsgericht 25.04.2024 IV.2023.00361"}, {"Sprachen": ["it"], "Text": "Zurigo Sozialversicherungsgericht 25.04.2024 IV.2023.00361"}], "Meta": [{"Sprachen": ["de"], "Text": "Z\u00fcrich Sozialversicherungsgericht "}, {"Sprachen": ["fr"], "Text": "Zurich Sozialversicherungsgericht "}, {"Sprachen": ["it"], "Text": "Zurigo Sozialversicherungsgericht "}], "Abstract": [{"Sprachen": ["de", "fr", "it"], "Text": "Anspruch auf IV-Taggelder. Zeitpunkt des Beginns der Arbeitsunf\u00e4higkeit f\u00fcr die Beurteilung der Qualifikation als erwerbst\u00e4tig im Sinn von Art.\u00a022sexies IVV massgebend. Abweisung."}], "ScrapyJob": "446973/33/1947", "Zeit UTC": "24.07.2025 00:47:54", "Checksum": "c574e869d92e49a41706b7a325c30cab"}