{"Signatur": "ZH_SVG_001", "Spider": "ZH_Sozialversicherungsgericht", "Sprache": "de", "Datum": "2024-05-15", "HTML": {"Datei": "ZH_Sozialversicherungsgericht/ZH_SVG_001_IV-2023-00362_2024-05-15.html", "URL": "https://findex.webgate.cloud/entscheide/IV.2023.00362.html", "Checksum": "3adb35049b39b4f5fbf3da28e824e862"}, "Scrapedate": "2023-01-01", "Num": ["IV.2023.00362"], "Kopfzeile": [{"Sprachen": ["de"], "Text": "Z\u00fcrich Sozialversicherungsgericht 15.05.2024 IV.2023.00362"}, {"Sprachen": ["fr"], "Text": "Zurich Sozialversicherungsgericht 15.05.2024 IV.2023.00362"}, {"Sprachen": ["it"], "Text": "Zurigo Sozialversicherungsgericht 15.05.2024 IV.2023.00362"}], "Meta": [{"Sprachen": ["de"], "Text": "Z\u00fcrich Sozialversicherungsgericht "}, {"Sprachen": ["fr"], "Text": "Zurich Sozialversicherungsgericht "}, {"Sprachen": ["it"], "Text": "Zurigo Sozialversicherungsgericht "}], "Abstract": [{"Sprachen": ["de", "fr", "it"], "Text": "Eingliederungsf\u00e4higkeit aus gesundheitlichen Gr\u00fcnden von Dezember 2021 bis Februar 2022 vor\u00fcbergehend unterbrochen. In dieser Zeit k\u00f6nnte ein Rentenanspruch entstanden sein, was nach der bis zum 31.\u00a0Dezember 2021 geltenden Rechtslage zu beurteilen ist. Auf RAD-Bericht ist abzustellen."}], "ScrapyJob": "446973/33/1947", "Zeit UTC": "24.07.2025 00:47:54", "Checksum": "1034b4b5691f7d7108563425b3dbaad1"}