{"Signatur": "ZH_SVG_001", "Spider": "ZH_Sozialversicherungsgericht", "Sprache": "de", "Datum": "2024-06-27", "HTML": {"Datei": "ZH_Sozialversicherungsgericht/ZH_SVG_001_IV-2023-00401_2024-06-27.html", "URL": "https://findex.webgate.cloud/entscheide/IV.2023.00401.html", "Checksum": "86899e70060f93fad6b47f569585495c"}, "Scrapedate": "2023-01-01", "Num": ["IV.2023.00401"], "Kopfzeile": [{"Sprachen": ["de"], "Text": "Z\u00fcrich Sozialversicherungsgericht 27.06.2024 IV.2023.00401"}, {"Sprachen": ["fr"], "Text": "Zurich Sozialversicherungsgericht 27.06.2024 IV.2023.00401"}, {"Sprachen": ["it"], "Text": "Zurigo Sozialversicherungsgericht 27.06.2024 IV.2023.00401"}], "Meta": [{"Sprachen": ["de"], "Text": "Z\u00fcrich Sozialversicherungsgericht "}, {"Sprachen": ["fr"], "Text": "Zurich Sozialversicherungsgericht "}, {"Sprachen": ["it"], "Text": "Zurigo Sozialversicherungsgericht "}], "Abstract": [{"Sprachen": ["de", "fr", "it"], "Text": "Rentenanspruch nach unfallbedingtem Kopfanprall; Beginn des Rentenanspruchs nach beruflichen Eingliederungsmassnahmen mit begleitendem Taggeldanspruch; konkrete Angaben des ehemaligen Arbeitgebers zur Entwicklung des hypothetischen Lohns zum Zeitpunkt des Rentenbeginns gehen der Aufindexierung fr\u00fcherer L\u00f6hne vor; Invalideneinkommen kann nach hier massgeblicher, altrechtlicher Regelung nicht aufgrund von Soziallohn festgesetzt werden; Gesundheitszustand noch nicht polydisziplin\u00e4r und damit ungen\u00fcgend abgekl\u00e4rt."}], "ScrapyJob": "446973/33/1947", "Zeit UTC": "24.07.2025 00:52:57", "Checksum": "da5d8b59b5b343dd9963cff1e471259f"}