{"Signatur": "ZH_SVG_001", "Spider": "ZH_Sozialversicherungsgericht", "Sprache": "de", "Datum": "2024-03-05", "HTML": {"Datei": "ZH_Sozialversicherungsgericht/ZH_SVG_001_IV-2023-00410_2024-03-05.html", "URL": "https://findex.webgate.cloud/entscheide/IV.2023.00410.html", "Checksum": "88e4a154576f3f342cbb64096fb638f8"}, "Scrapedate": "2023-01-01", "Num": ["IV.2023.00410"], "Kopfzeile": [{"Sprachen": ["de"], "Text": "Z\u00fcrich Sozialversicherungsgericht 05.03.2024 IV.2023.00410"}, {"Sprachen": ["fr"], "Text": "Zurich Sozialversicherungsgericht 05.03.2024 IV.2023.00410"}, {"Sprachen": ["it"], "Text": "Zurigo Sozialversicherungsgericht 05.03.2024 IV.2023.00410"}], "Meta": [{"Sprachen": ["de"], "Text": "Z\u00fcrich Sozialversicherungsgericht "}, {"Sprachen": ["fr"], "Text": "Zurich Sozialversicherungsgericht "}, {"Sprachen": ["it"], "Text": "Zurigo Sozialversicherungsgericht "}], "Abstract": [{"Sprachen": ["de", "fr", "it"], "Text": "RAD-Aktenbeurteilung beweiskr\u00e4ftig. Gest\u00fctzt darauf Anspruch auf befristete Rente. Mangels subjektiver Eingliederungsf\u00e4higkeit keine Eingliederungsmassnahmen zugesprochen. Teilweise Gutheissung. "}], "ScrapyJob": "446973/33/1947", "Zeit UTC": "24.07.2025 00:44:37", "Checksum": "af9d5b4caa6a4b96b4dd5dbea5812cfb"}