{"Signatur": "ZH_SVG_001", "Spider": "ZH_Sozialversicherungsgericht", "Sprache": "de", "Datum": "2024-02-29", "HTML": {"Datei": "ZH_Sozialversicherungsgericht/ZH_SVG_001_IV-2023-00489_2024-02-29.html", "URL": "https://findex.webgate.cloud/entscheide/IV.2023.00489.html", "Checksum": "7614b041a3ef3d5c6de28263325e0107"}, "Scrapedate": "2023-01-01", "Num": ["IV.2023.00489"], "Kopfzeile": [{"Sprachen": ["de"], "Text": "Z\u00fcrich Sozialversicherungsgericht 29.02.2024 IV.2023.00489"}, {"Sprachen": ["fr"], "Text": "Zurich Sozialversicherungsgericht 29.02.2024 IV.2023.00489"}, {"Sprachen": ["it"], "Text": "Zurigo Sozialversicherungsgericht 29.02.2024 IV.2023.00489"}], "Meta": [{"Sprachen": ["de"], "Text": "Z\u00fcrich Sozialversicherungsgericht "}, {"Sprachen": ["fr"], "Text": "Zurich Sozialversicherungsgericht "}, {"Sprachen": ["it"], "Text": "Zurigo Sozialversicherungsgericht "}], "Abstract": [{"Sprachen": ["de", "fr", "it"], "Text": "R\u00fcckweisung zur weiteren Abkl\u00e4rung; alle Psychiater und beruflichen Fachleute bejahten ein die AF beeinflussendes psychisches Leiden und die mehrj\u00e4hrige Eingliederung blieb erfolglos; auch wenn aktuell nicht in Therapie, kann nicht auf vier Jahr alte Aktenbeurteilung des RAD abgestellt werden"}], "ScrapyJob": "446973/33/1947", "Zeit UTC": "24.07.2025 00:44:36", "Checksum": "e8adfb163c9d4459700f6056ed853cf7"}