{"Signatur": "ZH_SVG_001", "Spider": "ZH_Sozialversicherungsgericht", "Sprache": "de", "Datum": "2024-06-27", "HTML": {"Datei": "ZH_Sozialversicherungsgericht/ZH_SVG_001_IV-2023-00627_2024-06-27.html", "URL": "https://findex.webgate.cloud/entscheide/IV.2023.00627.html", "Checksum": "3b1347843be3341157ac3d2adc0b86e3"}, "Scrapedate": "2023-01-01", "Num": ["IV.2023.00627"], "Kopfzeile": [{"Sprachen": ["de"], "Text": "Z\u00fcrich Sozialversicherungsgericht 27.06.2024 IV.2023.00627"}, {"Sprachen": ["fr"], "Text": "Zurich Sozialversicherungsgericht 27.06.2024 IV.2023.00627"}, {"Sprachen": ["it"], "Text": "Zurigo Sozialversicherungsgericht 27.06.2024 IV.2023.00627"}], "Meta": [{"Sprachen": ["de"], "Text": "Z\u00fcrich Sozialversicherungsgericht "}, {"Sprachen": ["fr"], "Text": "Zurich Sozialversicherungsgericht "}, {"Sprachen": ["it"], "Text": "Zurigo Sozialversicherungsgericht "}], "Abstract": [{"Sprachen": ["de", "fr", "it"], "Text": "Kein Erlass der R\u00fcckerstattung der f\u00fcr die Zeit des Strafvollzugs unrechtm\u00e4ssig bezogenen Rentenbetreffnisse. Die Beschwerdef\u00fchrerin hat ihre Meldepflicht grobfahrl\u00e4ssig verletzt, indem sie den Strafvollzug nicht gemeldet hat, weshalb die Voraussetzung des guten Glaubens zu verneinen ist."}], "ScrapyJob": "446973/33/1947", "Zeit UTC": "24.07.2025 00:48:53", "Checksum": "48bbd5d67fbf113951dd825ecdb94369"}