{"Signatur": "ZH_SVG_001", "Spider": "ZH_Sozialversicherungsgericht", "Sprache": "de", "Datum": "2025-02-24", "HTML": {"Datei": "ZH_Sozialversicherungsgericht/ZH_SVG_001_IV-2024-00064_2025-02-24.html", "URL": "https://findex.webgate.cloud/entscheide/IV.2024.00064.html", "Checksum": "cbd42e71b9e35db5c2aa0a0847148243"}, "Scrapedate": "2023-01-01", "Num": ["IV.2024.00064"], "Kopfzeile": [{"Sprachen": ["de"], "Text": "Z\u00fcrich Sozialversicherungsgericht 24.02.2025 IV.2024.00064"}, {"Sprachen": ["fr"], "Text": "Zurich Sozialversicherungsgericht 24.02.2025 IV.2024.00064"}, {"Sprachen": ["it"], "Text": "Zurigo Sozialversicherungsgericht 24.02.2025 IV.2024.00064"}], "Meta": [{"Sprachen": ["de"], "Text": "Z\u00fcrich Sozialversicherungsgericht "}, {"Sprachen": ["fr"], "Text": "Zurich Sozialversicherungsgericht "}, {"Sprachen": ["it"], "Text": "Zurigo Sozialversicherungsgericht "}], "Abstract": [{"Sprachen": ["de", "fr", "it"], "Text": "Verletzung des rechtlichen Geh\u00f6rs, die Beschwerdef\u00fchrerin hatte bei Beschwerdeerhebung keine Kenntnis der RAD-Stellungnahme. Unzureichende Abkl\u00e4rung des psychischen Gesundheitszustandes, am Ergebnis der Abkl\u00e4rungen des Krankentaggeldversicherers und der RAD-Aktenbeurteilung bestehen Zweifel. "}], "ScrapyJob": "446973/33/1947", "Zeit UTC": "24.07.2025 00:42:51", "Checksum": "9db7f31d597a432393097e17d3fc22ac"}