{"Signatur": "ZH_SVG_001", "Spider": "ZH_Sozialversicherungsgericht", "Sprache": "de", "Datum": "2024-05-31", "HTML": {"Datei": "ZH_Sozialversicherungsgericht/ZH_SVG_001_IV-2024-00091_2024-05-31.html", "URL": "https://findex.webgate.cloud/entscheide/IV.2024.00091.html", "Checksum": "f4d0b432dcf677f5cdacb5472d0b67fd"}, "Scrapedate": "2023-01-01", "Num": ["IV.2024.00091"], "Kopfzeile": [{"Sprachen": ["de"], "Text": "Z\u00fcrich Sozialversicherungsgericht 31.05.2024 IV.2024.00091"}, {"Sprachen": ["fr"], "Text": "Zurich Sozialversicherungsgericht 31.05.2024 IV.2024.00091"}, {"Sprachen": ["it"], "Text": "Zurigo Sozialversicherungsgericht 31.05.2024 IV.2024.00091"}], "Meta": [{"Sprachen": ["de"], "Text": "Z\u00fcrich Sozialversicherungsgericht "}, {"Sprachen": ["fr"], "Text": "Zurich Sozialversicherungsgericht "}, {"Sprachen": ["it"], "Text": "Zurigo Sozialversicherungsgericht "}], "Abstract": [{"Sprachen": ["de", "fr", "it"], "Text": "Lege artis festgestellte Depression als eigenst\u00e4ndiger invalidisierender Gesundheitsschaden; befristeter Rentenanspruch; Eingliederungsmassnahmen bei \u00fcber 55-j\u00e4hriger Versicherter sind zu pr\u00fcfen; Gutheissung betreffend Rente; R\u00fcckweisung betreffend Eingliederungsmassnahmen. "}], "ScrapyJob": "446973/33/1947", "Zeit UTC": "24.07.2025 00:55:29", "Checksum": "4c4f1fae9a4ac0f78b17f38c1c1cf6eb"}