{"Signatur": "ZH_SVG_001", "Spider": "ZH_Sozialversicherungsgericht", "Sprache": "de", "Datum": "2025-02-10", "HTML": {"Datei": "ZH_Sozialversicherungsgericht/ZH_SVG_001_IV-2024-00305_2025-02-10.html", "URL": "https://findex.webgate.cloud/entscheide/IV.2024.00305.html", "Checksum": "9704c88a42bd18453118fb7bf2e4580d"}, "Scrapedate": "2023-01-01", "Num": ["IV.2024.00305"], "Kopfzeile": [{"Sprachen": ["de"], "Text": "Z\u00fcrich Sozialversicherungsgericht 10.02.2025 IV.2024.00305"}, {"Sprachen": ["fr"], "Text": "Zurich Sozialversicherungsgericht 10.02.2025 IV.2024.00305"}, {"Sprachen": ["it"], "Text": "Zurigo Sozialversicherungsgericht 10.02.2025 IV.2024.00305"}], "Meta": [{"Sprachen": ["de"], "Text": "Z\u00fcrich Sozialversicherungsgericht "}, {"Sprachen": ["fr"], "Text": "Zurich Sozialversicherungsgericht "}, {"Sprachen": ["it"], "Text": "Zurigo Sozialversicherungsgericht "}], "Abstract": [{"Sprachen": ["de", "fr", "it"], "Text": "Das Fehlen der subjektiven Eingliederungsf\u00e4higkeit ist nicht mit \u00fcberwiegender Wahrscheinlichkeit ausgewiesen. Trotz (zus\u00e4tzlicher) psychischer Erkrankung wurde nicht abgekl\u00e4rt, ob die Verweigerung der Mitwirkung gesundheitsbedingt erfolgte. Zudem wurde die grunds\u00e4tzliche Bereitschaft zur Mitwirkung bereits vor Erlass der angefochtenen Verf\u00fcgung erkl\u00e4rt, sodass die Beschwerdegegnerin auch diesbez\u00fcglich h\u00e4tte abkl\u00e4ren m\u00fcssen, ob eine dar\u00fcberhinausgehende Mitwirkung dem Beschwerdef\u00fchrer aus medizinischer Sicht \u00fcberhaupt zumutbar war, oder die Pr\u00fcfung des Anspruchs auf weitere berufliche Massnahmen wieder h\u00e4tte aufnehmen m\u00fcssen."}], "ScrapyJob": "446973/33/1947", "Zeit UTC": "24.07.2025 00:55:17", "Checksum": "3950b87a9476b57e8db5dfa9a7cf6e91"}