{"Signatur": "ZH_SVG_001", "Spider": "ZH_Sozialversicherungsgericht", "Sprache": "de", "Datum": "2025-09-05", "HTML": {"Datei": "ZH_Sozialversicherungsgericht/ZH_SVG_001_IV-2024-00347_2025-09-05.html", "URL": "https://findex.webgate.cloud/entscheide/IV.2024.00347.html", "Checksum": "308f0739b743f82e890424aaf484b616"}, "Scrapedate": "2026-03-20", "Num": ["IV.2024.00347"], "Kopfzeile": [{"Sprachen": ["de"], "Text": "Z\u00fcrich Sozialversicherungsgericht 05.09.2025 IV.2024.00347"}, {"Sprachen": ["fr"], "Text": "Zurich Sozialversicherungsgericht 05.09.2025 IV.2024.00347"}, {"Sprachen": ["it"], "Text": "Zurigo Sozialversicherungsgericht 05.09.2025 IV.2024.00347"}], "Meta": [{"Sprachen": ["de"], "Text": "Z\u00fcrich Sozialversicherungsgericht "}, {"Sprachen": ["fr"], "Text": "Zurich Sozialversicherungsgericht "}, {"Sprachen": ["it"], "Text": "Zurigo Sozialversicherungsgericht "}], "Abstract": [{"Sprachen": ["de", "fr", "it"], "Text": "Arbeitsf\u00e4higkeitseinsch\u00e4tzung des RAD mit orthop\u00e4dischen Fachkenntnis \u00fcberzeugt, zumal keine relevanten Einschr\u00e4nkungen im Rahmen der \u00fcbrigen -umfassend abgekl\u00e4rten\u2013 Leiden dargetan/ersichtlich sind; Voraussetzungen f\u00fcr Eingliederungsmassnahme nicht erf\u00fcllt, andernfalls w\u00e4re leistungsspezifische Invalidit\u00e4t vor der Einreise in die CH eingetreten"}], "ScrapyJob": "446973/33/2196", "Zeit UTC": "20.03.2026 00:52:21", "Checksum": "4a9b2b2a12598c7160e85489a37ed403"}