{"Signatur": "ZH_SVG_001", "Spider": "ZH_Sozialversicherungsgericht", "Sprache": "de", "Datum": "2025-09-29", "HTML": {"Datei": "ZH_Sozialversicherungsgericht/ZH_SVG_001_IV-2024-00394_2025-09-29.html", "URL": "https://findex.webgate.cloud/entscheide/IV.2024.00394.html", "Checksum": "8a3e957cefe8a0015ff9a1dc59bc617e"}, "Scrapedate": "2026-03-20", "Num": ["IV.2024.00394"], "Kopfzeile": [{"Sprachen": ["de"], "Text": "Z\u00fcrich Sozialversicherungsgericht 29.09.2025 IV.2024.00394"}, {"Sprachen": ["fr"], "Text": "Zurich Sozialversicherungsgericht 29.09.2025 IV.2024.00394"}, {"Sprachen": ["it"], "Text": "Zurigo Sozialversicherungsgericht 29.09.2025 IV.2024.00394"}], "Meta": [{"Sprachen": ["de"], "Text": "Z\u00fcrich Sozialversicherungsgericht "}, {"Sprachen": ["fr"], "Text": "Zurich Sozialversicherungsgericht "}, {"Sprachen": ["it"], "Text": "Zurigo Sozialversicherungsgericht "}], "Abstract": [{"Sprachen": ["de", "fr", "it"], "Text": "Es bestehen Zweifel an der Beurteilung des RAD. Es ist unklar, ob bei Vorliegen psychosozialer Faktoren eine invalidenversicherungsrechtlich relevante psychische Erkrankung mit Auswirkungen auf die Arbeitsf\u00e4higkeit besteht. R\u00fcckweisung zu weiteren Abkl\u00e4rungen. "}], "ScrapyJob": "446973/33/2196", "Zeit UTC": "20.03.2026 00:45:05", "Checksum": "d4447f4f43038fc66ca0bcf0dc845556"}