{"Signatur": "ZH_SVG_001", "Spider": "ZH_Sozialversicherungsgericht", "Sprache": "de", "Datum": "2025-06-24", "HTML": {"Datei": "ZH_Sozialversicherungsgericht/ZH_SVG_001_IV-2025-00016_2025-06-24.html", "URL": "https://findex.webgate.cloud/entscheide/IV.2025.00016.html", "Checksum": "ad6e9dbe0dc478d0d8bb1b318d64e18a"}, "Scrapedate": "2023-01-01", "Num": ["IV.2025.00016"], "Kopfzeile": [{"Sprachen": ["de"], "Text": "Z\u00fcrich Sozialversicherungsgericht 24.06.2025 IV.2025.00016"}, {"Sprachen": ["fr"], "Text": "Zurich Sozialversicherungsgericht 24.06.2025 IV.2025.00016"}, {"Sprachen": ["it"], "Text": "Zurigo Sozialversicherungsgericht 24.06.2025 IV.2025.00016"}], "Meta": [{"Sprachen": ["de"], "Text": "Z\u00fcrich Sozialversicherungsgericht "}, {"Sprachen": ["fr"], "Text": "Zurich Sozialversicherungsgericht "}, {"Sprachen": ["it"], "Text": "Zurigo Sozialversicherungsgericht "}], "Abstract": [{"Sprachen": ["de", "fr", "it"], "Text": "IV-Stelle f\u00fchrte vor der Reduktion der Rente einer \u00fcber 55 Jahre alten Versicherten keine Eingliederungsmassnahmen durch, R\u00fcckweisung der Sache an Vorinstanz."}], "ScrapyJob": "446973/33/2092", "Zeit UTC": "11.12.2025 00:41:35", "Checksum": "835033740f266239f1b84bf5cb3b0f7a"}