{"Signatur": "ZH_SVG_001", "Spider": "ZH_Sozialversicherungsgericht", "Sprache": "de", "Datum": "2012-01-31", "HTML": {"Datei": "ZH_Sozialversicherungsgericht/ZH_SVG_001_KK-2010-00030_2012-01-31.html", "URL": "https://chid003d.ideso.ch/c050018/svg/findexweb.nsf/urteil.xsp?uid=UWEE-9AR7NV", "Checksum": "e8a9e8b33c6b02d78e705e5fa01288b3"}, "Num": ["KK.2010.00030"], "Kopfzeile": [{"Sprachen": ["de"], "Text": "Z\u00fcrich Sozialverischerungsgericht 31.01.2012 KK.2010.00030"}, {"Sprachen": ["fr"], "Text": "Zurich Sozialverischerungsgericht 31.01.2012 KK.2010.00030"}, {"Sprachen": ["it"], "Text": "Zurigo Sozialverischerungsgericht 31.01.2012 KK.2010.00030"}], "Meta": [{"Sprachen": ["de"], "Text": "Z\u00fcrich Sozialverischerungsgericht "}, {"Sprachen": ["fr"], "Text": "Zurich Sozialverischerungsgericht "}, {"Sprachen": ["it"], "Text": "Zurigo Sozialverischerungsgericht "}], "Abstract": [{"Sprachen": ["de", "fr", "it"], "Text": "Eintrittt der Arbeitsunf\u00e4higkeit in K\u00fcndigungsfrist. Reduktion des Taggeldanspruchs auf H\u00f6he des mutmasslichen ALV-Taggeldes nach K\u00fcndigungszeitpunkt."}], "ScrapyJob": "446973/33/117", "Zeit UTC": "21.02.2021 00:54:27", "Checksum": "4b4cab5f4d6fbad9468a4b66bba0a56d"}